{"id":23845,"date":"2022-05-20T11:13:22","date_gmt":"2022-05-20T08:13:22","guid":{"rendered":"http:\/\/www.basanaviciaus.vilnius.lm.lt\/?p=23845"},"modified":"2022-06-07T11:16:55","modified_gmt":"2022-06-07T08:16:55","slug":"konferencija-mokykla-baigta-o-kas-toliau","status":"publish","type":"post","link":"http:\/\/www.basanaviciaus.vilnius.lm.lt\/?p=23845","title":{"rendered":"Konferencija \u201eMokykla baigta \u2013 o kas toliau?\u201c"},"content":{"rendered":"<p>Mokini\u0173 tarybos atstovai su kuratore Remigija, pakviesti M. Bir\u017ei\u0161kos gimnazijos mokini\u0173 tarybos, lank\u0117si konferencijoje \u201eMokykla baigta \u2013 o kas toliau?\u201c Konferencijoje dalyvavo puik\u016bs prane\u0161\u0117jai: advokatas, visuomenininkas J. Jarusevi\u010dius, \u017eurnalist\u0117 E. Straigyt\u0117, tarptautini\u0173 projekt\u0173 vadovas, karjeros konsultantas L. Puidokas, kari\u0161kis, majoras M. Milius, reklamos specialist\u0117, daininink\u0117, socialin\u0117 aktyvist\u0117 D. Filmanavi\u010di\u016bt\u0117. Lektoriai dalijosi asmenin\u0117mis patirtimis siekiant karjeros, svarst\u0117 prasmingos karjeros pasirinkimo problemas, atsak\u0117 \u012f dalyvi\u0173 klausimus apie profesijos pasirinkim\u0105. Po konferencijos m\u016bs\u0173 gimnazistai draugi\u0161kai pasi\u0161neku\u010diavo su M. Bir\u017ei\u0161kos tarybos atstovais, pasidalijo mintimis ir patirtimis.<\/p>\n<div id=\"gallery-1\" class=\"gallery galleryid-1 default columns_4 gallery-columns-4  gallery-size-full \">\n<dl class=\"gallery-item gallery-startcol\">\n\t<dt class=\"gallery-icon\"><a href=\"http:\/\/www.basanaviciaus.vilnius.lm.lt\/?attachment_id=23848\" title=\"2\">\t\t\t<img loading=\"lazy\" decoding=\"async\" src=\"http:\/\/www.basanaviciaus.vilnius.lm.lt\/wp-content\/uploads\/2022\/05\/2-4.jpg\" width=\"2048\" height=\"1506\" title=\"2\" class=\"attachment-full\" alt=\"2\" \/><\/a>\t<\/dt>\n\t<\/dl>\n<dl class=\"gallery-item\">\n\t<dt class=\"gallery-icon\"><a href=\"http:\/\/www.basanaviciaus.vilnius.lm.lt\/?attachment_id=23849\" title=\"3,\">\t\t\t<img loading=\"lazy\" decoding=\"async\" src=\"http:\/\/www.basanaviciaus.vilnius.lm.lt\/wp-content\/uploads\/2022\/05\/3-4.jpg\" width=\"2048\" height=\"1476\" title=\"3,\" class=\"attachment-full\" alt=\"3,\" \/><\/a>\t<\/dt>\n\t<\/dl>\n<dl class=\"gallery-item\">\n\t<dt class=\"gallery-icon\"><a href=\"http:\/\/www.basanaviciaus.vilnius.lm.lt\/?attachment_id=23850\" title=\"4\">\t\t\t<img loading=\"lazy\" decoding=\"async\" src=\"http:\/\/www.basanaviciaus.vilnius.lm.lt\/wp-content\/uploads\/2022\/05\/4-4.jpg\" width=\"2048\" height=\"1417\" title=\"4\" class=\"attachment-full\" alt=\"4\" \/><\/a>\t<\/dt>\n\t<\/dl>\n<dl class=\"gallery-item gallery-endcol\">\n\t<dt class=\"gallery-icon\"><a href=\"http:\/\/www.basanaviciaus.vilnius.lm.lt\/?attachment_id=23851\" title=\"5\">\t\t\t<img loading=\"lazy\" decoding=\"async\" src=\"http:\/\/www.basanaviciaus.vilnius.lm.lt\/wp-content\/uploads\/2022\/05\/5-4.jpg\" width=\"2048\" height=\"1536\" title=\"5\" class=\"attachment-full\" alt=\"5\" \/><\/a>\t<\/dt>\n\t<\/dl>\n\n<br class='clear' \/>\n\n\n<\/div>\n","protected":false},"excerpt":{"rendered":"<p>Mokini\u0173 tarybos atstovai su kuratore Remigija, pakviesti M. Bir\u017ei\u0161kos gimnazijos mokini\u0173 tarybos, lank\u0117si konferencijoje \u201eMokykla baigta \u2013 o kas toliau?\u201c Konferencijoje dalyvavo puik\u016bs prane\u0161\u0117jai: advokatas, visuomenininkas J. Jarusevi\u010dius, \u017eurnalist\u0117 E. Straigyt\u0117, tarptautini\u0173 projekt\u0173 vadovas, karjeros konsultantas L. Puidokas, kari\u0161kis, majoras M. Milius, reklamos specialist\u0117, daininink\u0117, socialin\u0117 aktyvist\u0117 D. Filmanavi\u010di\u016bt\u0117. Lektoriai dalijosi asmenin\u0117mis patirtimis siekiant karjeros, [&hellip;]<\/p>\n","protected":false},"author":1,"featured_media":23846,"comment_status":"closed","ping_status":"closed","sticky":false,"template":"","format":"standard","meta":{"footnotes":""},"categories":[38],"tags":[],"class_list":["post-23845","post","type-post","status-publish","format-standard","has-post-thumbnail","hentry","category-mokiniu-taryba"],"_links":{"self":[{"href":"http:\/\/www.basanaviciaus.vilnius.lm.lt\/index.php?rest_route=\/wp\/v2\/posts\/23845","targetHints":{"allow":["GET"]}}],"collection":[{"href":"http:\/\/www.basanaviciaus.vilnius.lm.lt\/index.php?rest_route=\/wp\/v2\/posts"}],"about":[{"href":"http:\/\/www.basanaviciaus.vilnius.lm.lt\/index.php?rest_route=\/wp\/v2\/types\/post"}],"author":[{"embeddable":true,"href":"http:\/\/www.basanaviciaus.vilnius.lm.lt\/index.php?rest_route=\/wp\/v2\/users\/1"}],"replies":[{"embeddable":true,"href":"http:\/\/www.basanaviciaus.vilnius.lm.lt\/index.php?rest_route=%2Fwp%2Fv2%2Fcomments&post=23845"}],"version-history":[{"count":2,"href":"http:\/\/www.basanaviciaus.vilnius.lm.lt\/index.php?rest_route=\/wp\/v2\/posts\/23845\/revisions"}],"predecessor-version":[{"id":23852,"href":"http:\/\/www.basanaviciaus.vilnius.lm.lt\/index.php?rest_route=\/wp\/v2\/posts\/23845\/revisions\/23852"}],"wp:featuredmedia":[{"embeddable":true,"href":"http:\/\/www.basanaviciaus.vilnius.lm.lt\/index.php?rest_route=\/wp\/v2\/media\/23846"}],"wp:attachment":[{"href":"http:\/\/www.basanaviciaus.vilnius.lm.lt\/index.php?rest_route=%2Fwp%2Fv2%2Fmedia&parent=23845"}],"wp:term":[{"taxonomy":"category","embeddable":true,"href":"http:\/\/www.basanaviciaus.vilnius.lm.lt\/index.php?rest_route=%2Fwp%2Fv2%2Fcategories&post=23845"},{"taxonomy":"post_tag","embeddable":true,"href":"http:\/\/www.basanaviciaus.vilnius.lm.lt\/index.php?rest_route=%2Fwp%2Fv2%2Ftags&post=23845"}],"curies":[{"name":"wp","href":"https:\/\/api.w.org\/{rel}","templated":true}]}}