{"id":24003,"date":"2022-06-27T16:30:30","date_gmt":"2022-06-27T13:30:30","guid":{"rendered":"http:\/\/www.basanaviciaus.vilnius.lm.lt\/?p=24003"},"modified":"2022-06-27T16:30:30","modified_gmt":"2022-06-27T13:30:30","slug":"vasaros-poilsio-atrask-pazink-iveik-stovykla","status":"publish","type":"post","link":"http:\/\/www.basanaviciaus.vilnius.lm.lt\/?p=24003","title":{"rendered":"Vasaros poilsio \u201eAtrask, pa\u017eink, \u012fveik\u201c stovykla"},"content":{"rendered":"<p>Rugpj\u016b\u010dio m\u0117nes\u012f startuos\u00a0 vasaros poilsio \u201eAtrask, pa\u017eink, \u012fveik\u201c stovykla.<\/p>\n<p>I pamaina vyks rugpj\u016b\u010dio 2-9 dienomis. Stovyklautojai dalyvaus praktiniuose mokymuose apie \u017eygio planavim\u0105, i\u0161moks sudaryti detal\u0173j\u012f mar\u0161rut\u0105, i\u0161sikelti tiksl\u0105, statytis palapin\u0119, gamintis maist\u0105 gamtoje. \u012eveiks 4 par\u0173 \u017eyg\u012f. Paskutin\u0119 \u017eygio dien\u0105 paruo\u0161 tikslo pristatym\u0105, vyks\u00a0 \u017eygio refleksija.<\/p>\n<p>II pamaina vyks rugpj\u016b\u010dio 25-30 dienomis. B\u016bsimus pirmokus klasi\u0173 aukl\u0117tojai pakvies susitikti, pa\u017einti gimnazij\u0105, draugus. Dienin\u0117je stovykloje vyks veiklos:\u00a0 susipa\u017einimo \u017eaidimai su klas\u0117s draugais, mokytojais, \u0161vietimo pagalbos specialistais, komandin\u0117s u\u017eduotys grup\u0117se, dienos veikl\u0173 aptarimas.<\/p>\n<p>Stovyklos veikl\u0173 organizator\u0117 \u2013 socialin\u0117 pedagog\u0117 Vilma \u0160ik\u0161nien\u0117, jai talkina IT ir fizikos mokytoja Lina Steponavi\u010dien\u0117,\u00a0 lietuvi\u0173 kalbos mokytoja Remigija Kalendien\u0117, klasi\u0173 aukl\u0117tojai ir II-IV klasi\u0173 mokiniai savanoriai.<\/p>\n<p>Vasaros poilsio stovykla, dalinai finansuojama Vilniaus miesto savivaldyb\u0117s.<\/p>\n","protected":false},"excerpt":{"rendered":"<p>Rugpj\u016b\u010dio m\u0117nes\u012f startuos\u00a0 vasaros poilsio \u201eAtrask, pa\u017eink, \u012fveik\u201c stovykla. I pamaina vyks rugpj\u016b\u010dio 2-9 dienomis. Stovyklautojai dalyvaus praktiniuose mokymuose apie \u017eygio planavim\u0105, i\u0161moks sudaryti detal\u0173j\u012f mar\u0161rut\u0105, i\u0161sikelti tiksl\u0105, statytis palapin\u0119, gamintis maist\u0105 gamtoje. \u012eveiks 4 par\u0173 \u017eyg\u012f. Paskutin\u0119 \u017eygio dien\u0105 paruo\u0161 tikslo pristatym\u0105, vyks\u00a0 \u017eygio refleksija. II pamaina vyks rugpj\u016b\u010dio 25-30 dienomis. B\u016bsimus pirmokus klasi\u0173 [&hellip;]<\/p>\n","protected":false},"author":1,"featured_media":24004,"comment_status":"closed","ping_status":"closed","sticky":false,"template":"","format":"standard","meta":{"footnotes":""},"categories":[15],"tags":[],"class_list":["post-24003","post","type-post","status-publish","format-standard","has-post-thumbnail","hentry","category-renginiai-2"],"_links":{"self":[{"href":"http:\/\/www.basanaviciaus.vilnius.lm.lt\/index.php?rest_route=\/wp\/v2\/posts\/24003","targetHints":{"allow":["GET"]}}],"collection":[{"href":"http:\/\/www.basanaviciaus.vilnius.lm.lt\/index.php?rest_route=\/wp\/v2\/posts"}],"about":[{"href":"http:\/\/www.basanaviciaus.vilnius.lm.lt\/index.php?rest_route=\/wp\/v2\/types\/post"}],"author":[{"embeddable":true,"href":"http:\/\/www.basanaviciaus.vilnius.lm.lt\/index.php?rest_route=\/wp\/v2\/users\/1"}],"replies":[{"embeddable":true,"href":"http:\/\/www.basanaviciaus.vilnius.lm.lt\/index.php?rest_route=%2Fwp%2Fv2%2Fcomments&post=24003"}],"version-history":[{"count":1,"href":"http:\/\/www.basanaviciaus.vilnius.lm.lt\/index.php?rest_route=\/wp\/v2\/posts\/24003\/revisions"}],"predecessor-version":[{"id":24005,"href":"http:\/\/www.basanaviciaus.vilnius.lm.lt\/index.php?rest_route=\/wp\/v2\/posts\/24003\/revisions\/24005"}],"wp:featuredmedia":[{"embeddable":true,"href":"http:\/\/www.basanaviciaus.vilnius.lm.lt\/index.php?rest_route=\/wp\/v2\/media\/24004"}],"wp:attachment":[{"href":"http:\/\/www.basanaviciaus.vilnius.lm.lt\/index.php?rest_route=%2Fwp%2Fv2%2Fmedia&parent=24003"}],"wp:term":[{"taxonomy":"category","embeddable":true,"href":"http:\/\/www.basanaviciaus.vilnius.lm.lt\/index.php?rest_route=%2Fwp%2Fv2%2Fcategories&post=24003"},{"taxonomy":"post_tag","embeddable":true,"href":"http:\/\/www.basanaviciaus.vilnius.lm.lt\/index.php?rest_route=%2Fwp%2Fv2%2Ftags&post=24003"}],"curies":[{"name":"wp","href":"https:\/\/api.w.org\/{rel}","templated":true}]}}