{"id":24289,"date":"2022-08-25T17:47:09","date_gmt":"2022-08-25T14:47:09","guid":{"rendered":"http:\/\/www.basanaviciaus.vilnius.lm.lt\/?p=24289"},"modified":"2022-08-30T21:35:59","modified_gmt":"2022-08-30T18:35:59","slug":"vasaros-poilsio-stovyklos-atrask-pazink-iveik","status":"publish","type":"post","link":"http:\/\/www.basanaviciaus.vilnius.lm.lt\/?p=24289","title":{"rendered":"Stovyklos veiklos"},"content":{"rendered":"<p>Startavo vasaros poilsio stovyklos \u201eAtrask, pa\u017eink, \u012fveik\u201c <strong>II pamaina<\/strong>,\u00a0 b\u016bsimuosius pirmokus pakvietusi susitikti, pa\u017einti gimnazij\u0105, draugus, aukl\u0117toj\u0105.<br \/><strong>Vasaros poilsio stovykla, dalinai finansuojama Vilniaus miesto savivaldyb\u0117s.<\/strong><\/p>\n<hr \/>\n<p><strong>2022-08-30<\/strong><\/p>\n<p>Vasaros poilsio stovykl\u0105 \u201eAtrask, pa\u017eink, \u012fveik\u201c u\u017edar\u0117 draugi\u0161k\u0173 santyki\u0173, santarv\u0117s ir \u017eini\u0173 sieksianti <strong>I E<\/strong> klas\u0117. Kartu su jais keliaus su <strong>aukl\u0117toja Gabriele Petrauskiene<\/strong>.<\/p>\n<div id=\"gallery-1\" class=\"gallery galleryid-1 default columns_7 gallery-columns-7  gallery-size-thumbnail \">\n<dl class=\"gallery-item gallery-startcol\">\n\t<dt class=\"gallery-icon\"><a href=\"http:\/\/www.basanaviciaus.vilnius.lm.lt\/?attachment_id=24406\" title=\"37\">\t\t\t<img loading=\"lazy\" decoding=\"async\" src=\"http:\/\/www.basanaviciaus.vilnius.lm.lt\/wp-content\/uploads\/2022\/08\/37-150x150.jpg\" width=\"150\" height=\"150\" title=\"37\" class=\"attachment-thumbnail\" alt=\"37\" \/><\/a>\t<\/dt>\n\t<\/dl>\n<dl class=\"gallery-item\">\n\t<dt class=\"gallery-icon\"><a href=\"http:\/\/www.basanaviciaus.vilnius.lm.lt\/?attachment_id=24407\" title=\"36\">\t\t\t<img loading=\"lazy\" decoding=\"async\" src=\"http:\/\/www.basanaviciaus.vilnius.lm.lt\/wp-content\/uploads\/2022\/08\/36-150x150.jpg\" width=\"150\" height=\"150\" title=\"36\" class=\"attachment-thumbnail\" alt=\"36\" \/><\/a>\t<\/dt>\n\t<\/dl>\n<dl class=\"gallery-item\">\n\t<dt class=\"gallery-icon\"><a href=\"http:\/\/www.basanaviciaus.vilnius.lm.lt\/?attachment_id=24408\" title=\"35\">\t\t\t<img loading=\"lazy\" decoding=\"async\" src=\"http:\/\/www.basanaviciaus.vilnius.lm.lt\/wp-content\/uploads\/2022\/08\/35-150x150.jpg\" width=\"150\" height=\"150\" title=\"35\" class=\"attachment-thumbnail\" alt=\"35\" \/><\/a>\t<\/dt>\n\t<\/dl>\n<dl class=\"gallery-item\">\n\t<dt class=\"gallery-icon\"><a href=\"http:\/\/www.basanaviciaus.vilnius.lm.lt\/?attachment_id=24409\" title=\"34\">\t\t\t<img loading=\"lazy\" decoding=\"async\" src=\"http:\/\/www.basanaviciaus.vilnius.lm.lt\/wp-content\/uploads\/2022\/08\/34-150x150.jpg\" width=\"150\" height=\"150\" title=\"34\" class=\"attachment-thumbnail\" alt=\"34\" \/><\/a>\t<\/dt>\n\t<\/dl>\n<dl class=\"gallery-item\">\n\t<dt class=\"gallery-icon\"><a href=\"http:\/\/www.basanaviciaus.vilnius.lm.lt\/?attachment_id=24410\" title=\"33\">\t\t\t<img loading=\"lazy\" decoding=\"async\" src=\"http:\/\/www.basanaviciaus.vilnius.lm.lt\/wp-content\/uploads\/2022\/08\/33-150x150.jpg\" width=\"150\" height=\"150\" title=\"33\" class=\"attachment-thumbnail\" alt=\"33\" \/><\/a>\t<\/dt>\n\t<\/dl>\n<dl class=\"gallery-item\">\n\t<dt class=\"gallery-icon\"><a href=\"http:\/\/www.basanaviciaus.vilnius.lm.lt\/?attachment_id=24411\" title=\"32\">\t\t\t<img loading=\"lazy\" decoding=\"async\" src=\"http:\/\/www.basanaviciaus.vilnius.lm.lt\/wp-content\/uploads\/2022\/08\/32-150x150.jpg\" width=\"150\" height=\"150\" title=\"32\" class=\"attachment-thumbnail\" alt=\"32\" \/><\/a>\t<\/dt>\n\t<\/dl>\n<dl class=\"gallery-item gallery-endcol\">\n\t<dt class=\"gallery-icon\"><a href=\"http:\/\/www.basanaviciaus.vilnius.lm.lt\/?attachment_id=24412\" title=\"31\">\t\t\t<img loading=\"lazy\" decoding=\"async\" src=\"http:\/\/www.basanaviciaus.vilnius.lm.lt\/wp-content\/uploads\/2022\/08\/31-1-150x150.jpg\" width=\"150\" height=\"150\" title=\"31\" class=\"attachment-thumbnail\" alt=\"31\" \/><\/a>\t<\/dt>\n\t<\/dl>\n\n<br class='clear' \/>\n\n\n<\/div>\n<hr \/>\n<p>\u017dini\u0173, draugi\u0161k\u0173 santyki\u0173 su mokytojais ir klas\u0117s draugais tikisi <strong>I C<\/strong> klas\u0117. Kelion\u0117je juos lyd\u0117s <strong>aukl\u0117toja J\u016brat\u0117 Lu\u010di\u016bnien\u0117<\/strong>.<\/p>\n<div id=\"gallery-2\" class=\"gallery galleryid-2 default columns_7 gallery-columns-7  gallery-size-thumbnail \">\n<dl class=\"gallery-item gallery-startcol\">\n\t<dt class=\"gallery-icon\"><a href=\"http:\/\/www.basanaviciaus.vilnius.lm.lt\/?attachment_id=24398\" title=\"29\">\t\t\t<img loading=\"lazy\" decoding=\"async\" src=\"http:\/\/www.basanaviciaus.vilnius.lm.lt\/wp-content\/uploads\/2022\/08\/29-1-150x150.jpg\" width=\"150\" height=\"150\" title=\"29\" class=\"attachment-thumbnail\" alt=\"29\" \/><\/a>\t<\/dt>\n\t<\/dl>\n<dl class=\"gallery-item\">\n\t<dt class=\"gallery-icon\"><a href=\"http:\/\/www.basanaviciaus.vilnius.lm.lt\/?attachment_id=24399\" title=\"28\">\t\t\t<img loading=\"lazy\" decoding=\"async\" src=\"http:\/\/www.basanaviciaus.vilnius.lm.lt\/wp-content\/uploads\/2022\/08\/28-1-150x150.jpg\" width=\"150\" height=\"150\" title=\"28\" class=\"attachment-thumbnail\" alt=\"28\" \/><\/a>\t<\/dt>\n\t<\/dl>\n<dl class=\"gallery-item\">\n\t<dt class=\"gallery-icon\"><a href=\"http:\/\/www.basanaviciaus.vilnius.lm.lt\/?attachment_id=24400\" title=\"27\">\t\t\t<img loading=\"lazy\" decoding=\"async\" src=\"http:\/\/www.basanaviciaus.vilnius.lm.lt\/wp-content\/uploads\/2022\/08\/27-1-150x150.jpg\" width=\"150\" height=\"150\" title=\"27\" class=\"attachment-thumbnail\" alt=\"27\" \/><\/a>\t<\/dt>\n\t<\/dl>\n<dl class=\"gallery-item\">\n\t<dt class=\"gallery-icon\"><a href=\"http:\/\/www.basanaviciaus.vilnius.lm.lt\/?attachment_id=24401\" title=\"26\">\t\t\t<img loading=\"lazy\" decoding=\"async\" src=\"http:\/\/www.basanaviciaus.vilnius.lm.lt\/wp-content\/uploads\/2022\/08\/26-1-150x150.jpg\" width=\"150\" height=\"150\" title=\"26\" class=\"attachment-thumbnail\" alt=\"26\" \/><\/a>\t<\/dt>\n\t<\/dl>\n<dl class=\"gallery-item\">\n\t<dt class=\"gallery-icon\"><a href=\"http:\/\/www.basanaviciaus.vilnius.lm.lt\/?attachment_id=24402\" title=\"25\">\t\t\t<img loading=\"lazy\" decoding=\"async\" src=\"http:\/\/www.basanaviciaus.vilnius.lm.lt\/wp-content\/uploads\/2022\/08\/25-1-150x150.jpg\" width=\"150\" height=\"150\" title=\"25\" class=\"attachment-thumbnail\" alt=\"25\" \/><\/a>\t<\/dt>\n\t<\/dl>\n<dl class=\"gallery-item\">\n\t<dt class=\"gallery-icon\"><a href=\"http:\/\/www.basanaviciaus.vilnius.lm.lt\/?attachment_id=24403\" title=\"24\">\t\t\t<img loading=\"lazy\" decoding=\"async\" src=\"http:\/\/www.basanaviciaus.vilnius.lm.lt\/wp-content\/uploads\/2022\/08\/24-1-150x150.jpg\" width=\"150\" height=\"150\" title=\"24\" class=\"attachment-thumbnail\" alt=\"24\" \/><\/a>\t<\/dt>\n\t<\/dl>\n<dl class=\"gallery-item gallery-endcol\">\n\t<dt class=\"gallery-icon\"><a href=\"http:\/\/www.basanaviciaus.vilnius.lm.lt\/?attachment_id=24404\" title=\"23\">\t\t\t<img loading=\"lazy\" decoding=\"async\" src=\"http:\/\/www.basanaviciaus.vilnius.lm.lt\/wp-content\/uploads\/2022\/08\/23-1-150x150.jpg\" width=\"150\" height=\"150\" title=\"23\" class=\"attachment-thumbnail\" alt=\"23\" \/><\/a>\t<\/dt>\n\t<\/dl>\n\n<br class='clear' \/>\n\n\n<\/div>\n<hr \/>\n<p><strong>2022-08-29<\/strong><\/p>\n<p>Nuo\u0161ird\u016bs santykiai, nauj\u0173 draug\u0173 suradimas, d\u017eiugios laukian\u010dios patirtys yra <strong>I F<\/strong> klas\u0117s siekiamyb\u0117. Kartu su jais \u017eingsniuos <strong>aukl\u0117toja Migl\u0117 Egl\u0117 Glebuvien\u0117<\/strong>.<\/p>\n<div id=\"gallery-3\" class=\"gallery galleryid-3 default columns_7 gallery-columns-7  gallery-size-thumbnail \">\n<dl class=\"gallery-item gallery-startcol\">\n\t<dt class=\"gallery-icon\"><a href=\"http:\/\/www.basanaviciaus.vilnius.lm.lt\/?attachment_id=24374\" title=\"16\">\t\t\t<img loading=\"lazy\" decoding=\"async\" src=\"http:\/\/www.basanaviciaus.vilnius.lm.lt\/wp-content\/uploads\/2022\/08\/16-1-150x150.jpg\" width=\"150\" height=\"150\" title=\"16\" class=\"attachment-thumbnail\" alt=\"16\" \/><\/a>\t<\/dt>\n\t<\/dl>\n<dl class=\"gallery-item\">\n\t<dt class=\"gallery-icon\"><a href=\"http:\/\/www.basanaviciaus.vilnius.lm.lt\/?attachment_id=24373\" title=\"17\">\t\t\t<img loading=\"lazy\" decoding=\"async\" src=\"http:\/\/www.basanaviciaus.vilnius.lm.lt\/wp-content\/uploads\/2022\/08\/17-1-150x150.jpg\" width=\"150\" height=\"150\" title=\"17\" class=\"attachment-thumbnail\" alt=\"17\" \/><\/a>\t<\/dt>\n\t<\/dl>\n<dl class=\"gallery-item\">\n\t<dt class=\"gallery-icon\"><a href=\"http:\/\/www.basanaviciaus.vilnius.lm.lt\/?attachment_id=24372\" title=\"18\">\t\t\t<img loading=\"lazy\" decoding=\"async\" src=\"http:\/\/www.basanaviciaus.vilnius.lm.lt\/wp-content\/uploads\/2022\/08\/18-1-150x150.jpg\" width=\"150\" height=\"150\" title=\"18\" class=\"attachment-thumbnail\" alt=\"18\" \/><\/a>\t<\/dt>\n\t<\/dl>\n<dl class=\"gallery-item\">\n\t<dt class=\"gallery-icon\"><a href=\"http:\/\/www.basanaviciaus.vilnius.lm.lt\/?attachment_id=24371\" title=\"19\">\t\t\t<img loading=\"lazy\" decoding=\"async\" src=\"http:\/\/www.basanaviciaus.vilnius.lm.lt\/wp-content\/uploads\/2022\/08\/19-1-150x150.jpg\" width=\"150\" height=\"150\" title=\"19\" class=\"attachment-thumbnail\" alt=\"19\" \/><\/a>\t<\/dt>\n\t<\/dl>\n<dl class=\"gallery-item\">\n\t<dt class=\"gallery-icon\"><a href=\"http:\/\/www.basanaviciaus.vilnius.lm.lt\/?attachment_id=24370\" title=\"20\">\t\t\t<img loading=\"lazy\" decoding=\"async\" src=\"http:\/\/www.basanaviciaus.vilnius.lm.lt\/wp-content\/uploads\/2022\/08\/20-1-150x150.jpg\" width=\"150\" height=\"150\" title=\"20\" class=\"attachment-thumbnail\" alt=\"20\" \/><\/a>\t<\/dt>\n\t<\/dl>\n<dl class=\"gallery-item\">\n\t<dt class=\"gallery-icon\"><a href=\"http:\/\/www.basanaviciaus.vilnius.lm.lt\/?attachment_id=24369\" title=\"21\">\t\t\t<img loading=\"lazy\" decoding=\"async\" src=\"http:\/\/www.basanaviciaus.vilnius.lm.lt\/wp-content\/uploads\/2022\/08\/21-1-150x150.jpg\" width=\"150\" height=\"150\" title=\"21\" class=\"attachment-thumbnail\" alt=\"21\" \/><\/a>\t<\/dt>\n\t<\/dl>\n<dl class=\"gallery-item gallery-endcol\">\n\t<dt class=\"gallery-icon\"><a href=\"http:\/\/www.basanaviciaus.vilnius.lm.lt\/?attachment_id=24368\" title=\"22\">\t\t\t<img loading=\"lazy\" decoding=\"async\" src=\"http:\/\/www.basanaviciaus.vilnius.lm.lt\/wp-content\/uploads\/2022\/08\/22-1-150x150.jpg\" width=\"150\" height=\"150\" title=\"22\" class=\"attachment-thumbnail\" alt=\"22\" \/><\/a>\t<\/dt>\n\t<\/dl>\n\n<br class='clear' \/>\n\n\n<\/div>\n<hr \/>\n<p>Susikaup\u0119, pasiry\u017e\u0119 \u012fgyti nauj\u0173 \u017eini\u0173 ir atrasti ger\u0173 bi\u010diuli\u0173 bei mokytoj\u0173 \u012f gimnazij\u0105 atvyko <strong>I A<\/strong> klas\u0117. Kelion\u0117je juos lyd\u0117s <strong>aukl\u0117toja Jurgita Aleksandravi\u010dien\u0117<\/strong>.<\/p>\n<div id=\"gallery-4\" class=\"gallery galleryid-4 default columns_7 gallery-columns-7  gallery-size-thumbnail \">\n<dl class=\"gallery-item gallery-startcol\">\n\t<dt class=\"gallery-icon\"><a href=\"http:\/\/www.basanaviciaus.vilnius.lm.lt\/?attachment_id=24365\" title=\"9\">\t\t\t<img loading=\"lazy\" decoding=\"async\" src=\"http:\/\/www.basanaviciaus.vilnius.lm.lt\/wp-content\/uploads\/2022\/08\/9-150x150.jpg\" width=\"150\" height=\"150\" title=\"9\" class=\"attachment-thumbnail\" alt=\"9\" \/><\/a>\t<\/dt>\n\t<\/dl>\n<dl class=\"gallery-item\">\n\t<dt class=\"gallery-icon\"><a href=\"http:\/\/www.basanaviciaus.vilnius.lm.lt\/?attachment_id=24364\" title=\"10\">\t\t\t<img loading=\"lazy\" decoding=\"async\" src=\"http:\/\/www.basanaviciaus.vilnius.lm.lt\/wp-content\/uploads\/2022\/08\/10-150x150.jpg\" width=\"150\" height=\"150\" title=\"10\" class=\"attachment-thumbnail\" alt=\"10\" \/><\/a>\t<\/dt>\n\t<\/dl>\n<dl class=\"gallery-item\">\n\t<dt class=\"gallery-icon\"><a href=\"http:\/\/www.basanaviciaus.vilnius.lm.lt\/?attachment_id=24363\" title=\"11\">\t\t\t<img loading=\"lazy\" decoding=\"async\" src=\"http:\/\/www.basanaviciaus.vilnius.lm.lt\/wp-content\/uploads\/2022\/08\/11-150x150.jpg\" width=\"150\" height=\"150\" title=\"11\" class=\"attachment-thumbnail\" alt=\"11\" \/><\/a>\t<\/dt>\n\t<\/dl>\n<dl class=\"gallery-item\">\n\t<dt class=\"gallery-icon\"><a href=\"http:\/\/www.basanaviciaus.vilnius.lm.lt\/?attachment_id=24362\" title=\"12\">\t\t\t<img loading=\"lazy\" decoding=\"async\" src=\"http:\/\/www.basanaviciaus.vilnius.lm.lt\/wp-content\/uploads\/2022\/08\/12-150x150.jpg\" width=\"150\" height=\"150\" title=\"12\" class=\"attachment-thumbnail\" alt=\"12\" \/><\/a>\t<\/dt>\n\t<\/dl>\n<dl class=\"gallery-item\">\n\t<dt class=\"gallery-icon\"><a href=\"http:\/\/www.basanaviciaus.vilnius.lm.lt\/?attachment_id=24361\" title=\"132\">\t\t\t<img loading=\"lazy\" decoding=\"async\" src=\"http:\/\/www.basanaviciaus.vilnius.lm.lt\/wp-content\/uploads\/2022\/08\/132-150x150.jpg\" width=\"150\" height=\"150\" title=\"132\" class=\"attachment-thumbnail\" alt=\"132\" \/><\/a>\t<\/dt>\n\t<\/dl>\n<dl class=\"gallery-item\">\n\t<dt class=\"gallery-icon\"><a href=\"http:\/\/www.basanaviciaus.vilnius.lm.lt\/?attachment_id=24360\" title=\"14\">\t\t\t<img loading=\"lazy\" decoding=\"async\" src=\"http:\/\/www.basanaviciaus.vilnius.lm.lt\/wp-content\/uploads\/2022\/08\/14-1-150x150.jpg\" width=\"150\" height=\"150\" title=\"14\" class=\"attachment-thumbnail\" alt=\"14\" \/><\/a>\t<\/dt>\n\t<\/dl>\n<dl class=\"gallery-item gallery-endcol\">\n\t<dt class=\"gallery-icon\"><a href=\"http:\/\/www.basanaviciaus.vilnius.lm.lt\/?attachment_id=24359\" title=\"15\">\t\t\t<img loading=\"lazy\" decoding=\"async\" src=\"http:\/\/www.basanaviciaus.vilnius.lm.lt\/wp-content\/uploads\/2022\/08\/15-1-150x150.jpg\" width=\"150\" height=\"150\" title=\"15\" class=\"attachment-thumbnail\" alt=\"15\" \/><\/a>\t<\/dt>\n\t<\/dl>\n\n<br class='clear' \/>\n\n\n<\/div>\n<hr \/>\n<p><strong>2022-08-26<\/strong><\/p>\n<div dir=\"auto\"><strong>I B<\/strong> klas\u0117 tikisi susirasti nauj\u0173 draug\u0173, gauti daug ger\u0173 pa\u017eymi\u0173 ir aktyviai dalyvauti \u0161vent\u0117se. Juos \u0161ioje kelion\u0117je lyd\u0117s <strong>aukl\u0117toja Vilma \u0160ik\u0161nien\u0117<\/strong>.<\/div>\n<div dir=\"auto\">\n<div id=\"gallery-5\" class=\"gallery galleryid-5 default columns_7 gallery-columns-7  gallery-size-thumbnail \">\n<dl class=\"gallery-item gallery-startcol\">\n\t<dt class=\"gallery-icon\"><a href=\"http:\/\/www.basanaviciaus.vilnius.lm.lt\/?attachment_id=24329\" title=\"8\">\t\t\t<img loading=\"lazy\" decoding=\"async\" src=\"http:\/\/www.basanaviciaus.vilnius.lm.lt\/wp-content\/uploads\/2022\/08\/8-150x150.jpg\" width=\"150\" height=\"150\" title=\"8\" class=\"attachment-thumbnail\" alt=\"8\" \/><\/a>\t<\/dt>\n\t<\/dl>\n<dl class=\"gallery-item\">\n\t<dt class=\"gallery-icon\"><a href=\"http:\/\/www.basanaviciaus.vilnius.lm.lt\/?attachment_id=24330\" title=\"7\">\t\t\t<img loading=\"lazy\" decoding=\"async\" src=\"http:\/\/www.basanaviciaus.vilnius.lm.lt\/wp-content\/uploads\/2022\/08\/7-150x150.jpg\" width=\"150\" height=\"150\" title=\"7\" class=\"attachment-thumbnail\" alt=\"7\" \/><\/a>\t<\/dt>\n\t<\/dl>\n<dl class=\"gallery-item\">\n\t<dt class=\"gallery-icon\"><a href=\"http:\/\/www.basanaviciaus.vilnius.lm.lt\/?attachment_id=24331\" title=\"6\">\t\t\t<img loading=\"lazy\" decoding=\"async\" src=\"http:\/\/www.basanaviciaus.vilnius.lm.lt\/wp-content\/uploads\/2022\/08\/6-150x150.jpg\" width=\"150\" height=\"150\" title=\"6\" class=\"attachment-thumbnail\" alt=\"6\" \/><\/a>\t<\/dt>\n\t<\/dl>\n<dl class=\"gallery-item\">\n\t<dt class=\"gallery-icon\"><a href=\"http:\/\/www.basanaviciaus.vilnius.lm.lt\/?attachment_id=24332\" title=\"5\">\t\t\t<img loading=\"lazy\" decoding=\"async\" src=\"http:\/\/www.basanaviciaus.vilnius.lm.lt\/wp-content\/uploads\/2022\/08\/5-150x150.jpg\" width=\"150\" height=\"150\" title=\"5\" class=\"attachment-thumbnail\" alt=\"5\" \/><\/a>\t<\/dt>\n\t<\/dl>\n<dl class=\"gallery-item\">\n\t<dt class=\"gallery-icon\"><a href=\"http:\/\/www.basanaviciaus.vilnius.lm.lt\/?attachment_id=24333\" title=\"4\">\t\t\t<img loading=\"lazy\" decoding=\"async\" src=\"http:\/\/www.basanaviciaus.vilnius.lm.lt\/wp-content\/uploads\/2022\/08\/4-150x150.jpg\" width=\"150\" height=\"150\" title=\"4\" class=\"attachment-thumbnail\" alt=\"4\" \/><\/a>\t<\/dt>\n\t<\/dl>\n<dl class=\"gallery-item\">\n\t<dt class=\"gallery-icon\"><a href=\"http:\/\/www.basanaviciaus.vilnius.lm.lt\/?attachment_id=24334\" title=\"3\">\t\t\t<img loading=\"lazy\" decoding=\"async\" src=\"http:\/\/www.basanaviciaus.vilnius.lm.lt\/wp-content\/uploads\/2022\/08\/3-150x150.jpg\" width=\"150\" height=\"150\" title=\"3\" class=\"attachment-thumbnail\" alt=\"3\" \/><\/a>\t<\/dt>\n\t<\/dl>\n<dl class=\"gallery-item gallery-endcol\">\n\t<dt class=\"gallery-icon\"><a href=\"http:\/\/www.basanaviciaus.vilnius.lm.lt\/?attachment_id=24335\" title=\"2\">\t\t\t<img loading=\"lazy\" decoding=\"async\" src=\"http:\/\/www.basanaviciaus.vilnius.lm.lt\/wp-content\/uploads\/2022\/08\/2-1-150x150.jpg\" width=\"150\" height=\"150\" title=\"2\" class=\"attachment-thumbnail\" alt=\"2\" \/><\/a>\t<\/dt>\n\t<\/dl>\n\n<br class='clear' \/>\n\n\n<\/div>\n<\/div>\n<hr \/>\n<p><strong>2022-08-25<\/strong><br \/><strong>I D<\/strong> klas\u0117 pasiruo\u0161\u0119 naujoms pa\u017eintims, atrasti ger\u0173 draug\u0173, nuo\u0161ird\u0173 ry\u0161\u012f ir bendravim\u0105 su mokytojais. Juos \u0161ioje kelion\u0117je lyd\u0117s <strong>aukl\u0117toja Ana U\u017edavinyt\u0117<\/strong>.<\/p>\n<div id=\"gallery-6\" class=\"gallery galleryid-6 default columns_7 gallery-columns-7  gallery-size-thumbnail \">\n<dl class=\"gallery-item gallery-startcol\">\n\t<dt class=\"gallery-icon\"><a href=\"http:\/\/www.basanaviciaus.vilnius.lm.lt\/?attachment_id=24295\" title=\"68\">\t\t\t<img loading=\"lazy\" decoding=\"async\" src=\"http:\/\/www.basanaviciaus.vilnius.lm.lt\/wp-content\/uploads\/2022\/08\/68-150x150.jpg\" width=\"150\" height=\"150\" title=\"68\" class=\"attachment-thumbnail\" alt=\"68\" \/><\/a>\t<\/dt>\n\t<\/dl>\n<dl class=\"gallery-item\">\n\t<dt class=\"gallery-icon\"><a href=\"http:\/\/www.basanaviciaus.vilnius.lm.lt\/?attachment_id=24294\" title=\"69\">\t\t\t<img loading=\"lazy\" decoding=\"async\" src=\"http:\/\/www.basanaviciaus.vilnius.lm.lt\/wp-content\/uploads\/2022\/08\/69-150x150.jpg\" width=\"150\" height=\"150\" title=\"69\" class=\"attachment-thumbnail\" alt=\"69\" \/><\/a>\t<\/dt>\n\t<\/dl>\n<dl class=\"gallery-item\">\n\t<dt class=\"gallery-icon\"><a href=\"http:\/\/www.basanaviciaus.vilnius.lm.lt\/?attachment_id=24293\" title=\"70\">\t\t\t<img loading=\"lazy\" decoding=\"async\" src=\"http:\/\/www.basanaviciaus.vilnius.lm.lt\/wp-content\/uploads\/2022\/08\/70-150x150.jpg\" width=\"150\" height=\"150\" title=\"70\" class=\"attachment-thumbnail\" alt=\"70\" \/><\/a>\t<\/dt>\n\t<\/dl>\n<dl class=\"gallery-item\">\n\t<dt class=\"gallery-icon\"><a href=\"http:\/\/www.basanaviciaus.vilnius.lm.lt\/?attachment_id=24292\" title=\"71\">\t\t\t<img loading=\"lazy\" decoding=\"async\" src=\"http:\/\/www.basanaviciaus.vilnius.lm.lt\/wp-content\/uploads\/2022\/08\/71-150x150.jpg\" width=\"150\" height=\"150\" title=\"71\" class=\"attachment-thumbnail\" alt=\"71\" \/><\/a>\t<\/dt>\n\t<\/dl>\n<dl class=\"gallery-item\">\n\t<dt class=\"gallery-icon\"><a href=\"http:\/\/www.basanaviciaus.vilnius.lm.lt\/?attachment_id=24296\" title=\"67\">\t\t\t<img loading=\"lazy\" decoding=\"async\" src=\"http:\/\/www.basanaviciaus.vilnius.lm.lt\/wp-content\/uploads\/2022\/08\/67-150x150.jpg\" width=\"150\" height=\"150\" title=\"67\" class=\"attachment-thumbnail\" alt=\"67\" \/><\/a>\t<\/dt>\n\t<\/dl>\n<dl class=\"gallery-item\">\n\t<dt class=\"gallery-icon\"><a href=\"http:\/\/www.basanaviciaus.vilnius.lm.lt\/?attachment_id=24291\" title=\"72\">\t\t\t<img loading=\"lazy\" decoding=\"async\" src=\"http:\/\/www.basanaviciaus.vilnius.lm.lt\/wp-content\/uploads\/2022\/08\/72-150x150.jpg\" width=\"150\" height=\"150\" title=\"72\" class=\"attachment-thumbnail\" alt=\"72\" \/><\/a>\t<\/dt>\n\t<\/dl>\n\n\n<\/div>\n<div dir=\"auto\"><hr \/>Pirmieji vasaros poilsio stovyklos \u201eAtrask, pa\u017eink, \u012fveik\u201c i\u0161\u0161\u016bkius \u012fveik\u0117 <strong>I G<\/strong> klas\u0117 ir <strong>aukl\u0117toja Remigija Kalendien\u0117<\/strong>.<\/div>\n<div dir=\"auto\">\n<div id=\"gallery-7\" class=\"gallery galleryid-7 default columns_7 gallery-columns-7  gallery-size-thumbnail \">\n<dl class=\"gallery-item gallery-startcol\">\n\t<dt class=\"gallery-icon\"><a href=\"http:\/\/www.basanaviciaus.vilnius.lm.lt\/?attachment_id=24304\" title=\"79\">\t\t\t<img loading=\"lazy\" decoding=\"async\" src=\"http:\/\/www.basanaviciaus.vilnius.lm.lt\/wp-content\/uploads\/2022\/08\/79-150x150.jpg\" width=\"150\" height=\"150\" title=\"79\" class=\"attachment-thumbnail\" alt=\"79\" \/><\/a>\t<\/dt>\n\t<\/dl>\n<dl class=\"gallery-item\">\n\t<dt class=\"gallery-icon\"><a href=\"http:\/\/www.basanaviciaus.vilnius.lm.lt\/?attachment_id=24308\" title=\"75\">\t\t\t<img loading=\"lazy\" decoding=\"async\" src=\"http:\/\/www.basanaviciaus.vilnius.lm.lt\/wp-content\/uploads\/2022\/08\/75-150x150.jpg\" width=\"150\" height=\"150\" title=\"75\" class=\"attachment-thumbnail\" alt=\"75\" \/><\/a>\t<\/dt>\n\t<\/dl>\n<dl class=\"gallery-item\">\n\t<dt class=\"gallery-icon\"><a href=\"http:\/\/www.basanaviciaus.vilnius.lm.lt\/?attachment_id=24305\" title=\"78\">\t\t\t<img loading=\"lazy\" decoding=\"async\" src=\"http:\/\/www.basanaviciaus.vilnius.lm.lt\/wp-content\/uploads\/2022\/08\/78-150x150.jpg\" width=\"150\" height=\"150\" title=\"78\" class=\"attachment-thumbnail\" alt=\"78\" \/><\/a>\t<\/dt>\n\t<\/dl>\n<dl class=\"gallery-item\">\n\t<dt class=\"gallery-icon\"><a href=\"http:\/\/www.basanaviciaus.vilnius.lm.lt\/?attachment_id=24306\" title=\"77\">\t\t\t<img loading=\"lazy\" decoding=\"async\" src=\"http:\/\/www.basanaviciaus.vilnius.lm.lt\/wp-content\/uploads\/2022\/08\/77-150x150.jpg\" width=\"150\" height=\"150\" title=\"77\" class=\"attachment-thumbnail\" alt=\"77\" \/><\/a>\t<\/dt>\n\t<\/dl>\n<dl class=\"gallery-item\">\n\t<dt class=\"gallery-icon\"><a href=\"http:\/\/www.basanaviciaus.vilnius.lm.lt\/?attachment_id=24307\" title=\"76\">\t\t\t<img loading=\"lazy\" decoding=\"async\" src=\"http:\/\/www.basanaviciaus.vilnius.lm.lt\/wp-content\/uploads\/2022\/08\/76-150x150.jpg\" width=\"150\" height=\"150\" title=\"76\" class=\"attachment-thumbnail\" alt=\"76\" \/><\/a>\t<\/dt>\n\t<\/dl>\n<dl class=\"gallery-item\">\n\t<dt class=\"gallery-icon\"><a href=\"http:\/\/www.basanaviciaus.vilnius.lm.lt\/?attachment_id=24303\" title=\"80\">\t\t\t<img loading=\"lazy\" decoding=\"async\" src=\"http:\/\/www.basanaviciaus.vilnius.lm.lt\/wp-content\/uploads\/2022\/08\/80-150x150.jpg\" width=\"150\" height=\"150\" title=\"80\" class=\"attachment-thumbnail\" alt=\"80\" \/><\/a>\t<\/dt>\n\t<\/dl>\n<dl class=\"gallery-item gallery-endcol\">\n\t<dt class=\"gallery-icon\"><a href=\"http:\/\/www.basanaviciaus.vilnius.lm.lt\/?attachment_id=24310\" title=\"73\">\t\t\t<img loading=\"lazy\" decoding=\"async\" src=\"http:\/\/www.basanaviciaus.vilnius.lm.lt\/wp-content\/uploads\/2022\/08\/73-150x150.jpg\" width=\"150\" height=\"150\" title=\"73\" class=\"attachment-thumbnail\" alt=\"73\" \/><\/a>\t<\/dt>\n\t<\/dl>\n\n<br class='clear' \/>\n\n\n<\/div>\n<div dir=\"auto\"><hr \/>\n<p>Vasaros poilsio stovyklos \u201eAtrask, pa\u017eink, \u012fveik\u201c <strong>I pamaina<\/strong> rugpj\u016b\u010dio 2-9 dienomis.<\/p>\n<p>Rugpj\u016b\u010dio 4 -7 dienomis gimnazijos DofE komanda VIVRE Jovil\u0117 Rackevi\u010di\u016bt\u0117, Ula Milkamanavi\u010di\u016bt\u0117, Medeina Bacevi\u010di\u016bt\u0117 ir Martynas Matijo\u0161ius \u012fveik\u0117 aukso \u017eyg\u012f Pir\u0117nuose, GR10 trasoje, Pranc\u016bzijoje. Nu\u017eingsniuoti 67 kilometrai, \u012fkopta \u012f 1950 km auk\u0161t\u012f. U\u017eburiantis kaln\u0173 gro\u017eis, r\u016bkas u\u017eklojantis vir\u0161ukalnes, tryk\u0161tantys \u0161altiniai, avi\u0173 ir karvi\u0173 skambantys varpeliai, drie\u017eiukai, \u0161liau\u017eian\u010dios pro \u0161al\u012f gyvat\u0117s. Nuostabus oras, nereali patirtis ir puikus komandinis darbas. Labai d\u0117kojame r\u0117m\u0117jams Alexander Michael Gibb \u201eKatalista\u201c MB, UAB \u201eAngl\u0173 namai\u201c Anthony Bishop, Chris Butler, Deividui Urbonavi\u010diui V\u0161\u012f &#8222;Trenkturas&#8221; u\u017e finansin\u0119 param\u0105. Hiatus.lt u\u017e ry\u0161kiaspalves striukes, saugan\u010dias nuo v\u0117jo ir lietaus. \u017dygio vadovei Vilmai \u0160ik\u0161nienei u\u017e komandos paruo\u0161im\u0105 ir lyd\u0117jim\u0105. Linai Steponavi\u010dienei u\u017e \u017eygio vertinim\u0105. Dalyvi\u0173 t\u0117vams u\u017e param\u0105 ir palaikym\u0105.<\/p>\n<p><strong>Dalinai finansuojama Vilniaus miesto savivaldyb\u0117s.<\/strong><\/p>\n<p>Kvie\u010diame \u012f \u017eygio tiksl\u0173 pristatym\u0105 rugpj\u016b\u010dio 26 dien\u0105 15.30 val., kuris vyks akt\u0173 sal\u0117je. Savo \u017eygi\u0173 tikslus pristatys abi aukso komandos.<\/p>\n<p>Daugiau apie \u017eyg\u012f skaitykite <a href=\"https:\/\/www.svietimonaujienos.lt\/nubausti-pirenuose\/?fbclid=IwAR0tzAtByUFV4iIOtTQkg0LZpCgMobKKoDRQp2S0M-KmndV-y-fX7wJAcFw\">\u0160vietimo naujienose<\/a>.<\/p>\n<div id=\"gallery-8\" class=\"gallery galleryid-8 default columns_7 gallery-columns-7  gallery-size-thumbnail \">\n<dl class=\"gallery-item gallery-startcol\">\n\t<dt class=\"gallery-icon\"><a href=\"http:\/\/www.basanaviciaus.vilnius.lm.lt\/?attachment_id=24137\" title=\"27\">\t\t\t<img loading=\"lazy\" decoding=\"async\" src=\"http:\/\/www.basanaviciaus.vilnius.lm.lt\/wp-content\/uploads\/2022\/08\/27-150x150.jpg\" width=\"150\" height=\"150\" title=\"27\" class=\"attachment-thumbnail\" alt=\"27\" \/><\/a>\t<\/dt>\n\t<\/dl>\n<dl class=\"gallery-item\">\n\t<dt class=\"gallery-icon\"><a href=\"http:\/\/www.basanaviciaus.vilnius.lm.lt\/?attachment_id=24139\" title=\"25\">\t\t\t<img loading=\"lazy\" decoding=\"async\" src=\"http:\/\/www.basanaviciaus.vilnius.lm.lt\/wp-content\/uploads\/2022\/08\/25-150x150.jpg\" width=\"150\" height=\"150\" title=\"25\" class=\"attachment-thumbnail\" alt=\"25\" \/><\/a>\t<\/dt>\n\t<\/dl>\n<dl class=\"gallery-item\">\n\t<dt class=\"gallery-icon\"><a href=\"http:\/\/www.basanaviciaus.vilnius.lm.lt\/?attachment_id=24138\" title=\"26\">\t\t\t<img loading=\"lazy\" decoding=\"async\" src=\"http:\/\/www.basanaviciaus.vilnius.lm.lt\/wp-content\/uploads\/2022\/08\/26-150x150.jpg\" width=\"150\" height=\"150\" title=\"26\" class=\"attachment-thumbnail\" alt=\"26\" \/><\/a>\t<\/dt>\n\t<\/dl>\n<dl class=\"gallery-item\">\n\t<dt class=\"gallery-icon\"><a href=\"http:\/\/www.basanaviciaus.vilnius.lm.lt\/?attachment_id=24140\" title=\"24\">\t\t\t<img loading=\"lazy\" decoding=\"async\" src=\"http:\/\/www.basanaviciaus.vilnius.lm.lt\/wp-content\/uploads\/2022\/08\/24-150x150.jpg\" width=\"150\" height=\"150\" title=\"24\" class=\"attachment-thumbnail\" alt=\"24\" \/><\/a>\t<\/dt>\n\t<\/dl>\n<dl class=\"gallery-item\">\n\t<dt class=\"gallery-icon\"><a href=\"http:\/\/www.basanaviciaus.vilnius.lm.lt\/?attachment_id=24143\" title=\"21\">\t\t\t<img loading=\"lazy\" decoding=\"async\" src=\"http:\/\/www.basanaviciaus.vilnius.lm.lt\/wp-content\/uploads\/2022\/08\/21-150x150.jpg\" width=\"150\" height=\"150\" title=\"21\" class=\"attachment-thumbnail\" alt=\"21\" \/><\/a>\t<\/dt>\n\t<\/dl>\n<dl class=\"gallery-item\">\n\t<dt class=\"gallery-icon\"><a href=\"http:\/\/www.basanaviciaus.vilnius.lm.lt\/?attachment_id=24136\" title=\"29\">\t\t\t<img loading=\"lazy\" decoding=\"async\" src=\"http:\/\/www.basanaviciaus.vilnius.lm.lt\/wp-content\/uploads\/2022\/08\/29-150x150.jpg\" width=\"150\" height=\"150\" title=\"29\" class=\"attachment-thumbnail\" alt=\"29\" \/><\/a>\t<\/dt>\n\t<\/dl>\n<dl class=\"gallery-item gallery-endcol\">\n\t<dt class=\"gallery-icon\"><a href=\"http:\/\/www.basanaviciaus.vilnius.lm.lt\/?attachment_id=24134\" title=\"30\">\t\t\t<img loading=\"lazy\" decoding=\"async\" src=\"http:\/\/www.basanaviciaus.vilnius.lm.lt\/wp-content\/uploads\/2022\/08\/30-150x150.jpg\" width=\"150\" height=\"150\" title=\"30\" class=\"attachment-thumbnail\" alt=\"30\" \/><\/a>\t<\/dt>\n\t<\/dl>\n\n<br class='clear' \/>\n\n\n<\/div>\n<p>\u00a0<\/p>\n<\/div>\n<\/div>\n\n\n<p><\/p>\n","protected":false},"excerpt":{"rendered":"<p>Startavo vasaros poilsio stovyklos \u201eAtrask, pa\u017eink, \u012fveik\u201c II pamaina,\u00a0 b\u016bsimuosius pirmokus pakvietusi susitikti, pa\u017einti gimnazij\u0105, draugus, aukl\u0117toj\u0105.Vasaros poilsio stovykla, dalinai finansuojama Vilniaus miesto savivaldyb\u0117s. 2022-08-30 Vasaros poilsio stovykl\u0105 \u201eAtrask, pa\u017eink, \u012fveik\u201c u\u017edar\u0117 draugi\u0161k\u0173 santyki\u0173, santarv\u0117s ir \u017eini\u0173 sieksianti I E klas\u0117. Kartu su jais keliaus su aukl\u0117toja Gabriele Petrauskiene. \u017dini\u0173, draugi\u0161k\u0173 santyki\u0173 su mokytojais ir [&hellip;]<\/p>\n","protected":false},"author":1,"featured_media":24004,"comment_status":"closed","ping_status":"closed","sticky":false,"template":"","format":"standard","meta":{"footnotes":""},"categories":[37,23],"tags":[],"class_list":["post-24289","post","type-post","status-publish","format-standard","has-post-thumbnail","hentry","category-neformalus-svietimas","category-socialinis-ir-emocinis-ugdymas-2"],"_links":{"self":[{"href":"http:\/\/www.basanaviciaus.vilnius.lm.lt\/index.php?rest_route=\/wp\/v2\/posts\/24289","targetHints":{"allow":["GET"]}}],"collection":[{"href":"http:\/\/www.basanaviciaus.vilnius.lm.lt\/index.php?rest_route=\/wp\/v2\/posts"}],"about":[{"href":"http:\/\/www.basanaviciaus.vilnius.lm.lt\/index.php?rest_route=\/wp\/v2\/types\/post"}],"author":[{"embeddable":true,"href":"http:\/\/www.basanaviciaus.vilnius.lm.lt\/index.php?rest_route=\/wp\/v2\/users\/1"}],"replies":[{"embeddable":true,"href":"http:\/\/www.basanaviciaus.vilnius.lm.lt\/index.php?rest_route=%2Fwp%2Fv2%2Fcomments&post=24289"}],"version-history":[{"count":21,"href":"http:\/\/www.basanaviciaus.vilnius.lm.lt\/index.php?rest_route=\/wp\/v2\/posts\/24289\/revisions"}],"predecessor-version":[{"id":24413,"href":"http:\/\/www.basanaviciaus.vilnius.lm.lt\/index.php?rest_route=\/wp\/v2\/posts\/24289\/revisions\/24413"}],"wp:featuredmedia":[{"embeddable":true,"href":"http:\/\/www.basanaviciaus.vilnius.lm.lt\/index.php?rest_route=\/wp\/v2\/media\/24004"}],"wp:attachment":[{"href":"http:\/\/www.basanaviciaus.vilnius.lm.lt\/index.php?rest_route=%2Fwp%2Fv2%2Fmedia&parent=24289"}],"wp:term":[{"taxonomy":"category","embeddable":true,"href":"http:\/\/www.basanaviciaus.vilnius.lm.lt\/index.php?rest_route=%2Fwp%2Fv2%2Fcategories&post=24289"},{"taxonomy":"post_tag","embeddable":true,"href":"http:\/\/www.basanaviciaus.vilnius.lm.lt\/index.php?rest_route=%2Fwp%2Fv2%2Ftags&post=24289"}],"curies":[{"name":"wp","href":"https:\/\/api.w.org\/{rel}","templated":true}]}}