{"id":25976,"date":"2022-11-22T07:53:51","date_gmt":"2022-11-22T05:53:51","guid":{"rendered":"http:\/\/www.basanaviciaus.vilnius.lm.lt\/?p=25976"},"modified":"2022-11-25T08:35:46","modified_gmt":"2022-11-25T06:35:46","slug":"lapkricio-23-ioji-lietuvos-kariuomenes-diena","status":"publish","type":"post","link":"http:\/\/www.basanaviciaus.vilnius.lm.lt\/?p=25976","title":{"rendered":"Lapkri\u010dio 23-ioji &#8211; Lietuvos kariuomen\u0117s diena"},"content":{"rendered":"<p>\u0160vent\u0117s i\u0161vakar\u0117se IIA ir IID klasi\u0173 gimnazistai klaus\u0117si karininko Dainiaus Jud\u017een\u010dio paskaitos apie karin\u0119 situacij\u0105, tarnybos patirt\u012f.<\/p>\n<div id=\"gallery-1\" class=\"gallery galleryid-1 default columns_4 gallery-columns-4  gallery-size-thumbnail \">\n<dl class=\"gallery-item gallery-startcol\">\n\t<dt class=\"gallery-icon\"><a href=\"http:\/\/www.basanaviciaus.vilnius.lm.lt\/?attachment_id=25983\" title=\"34\">\t\t\t<img loading=\"lazy\" decoding=\"async\" src=\"http:\/\/www.basanaviciaus.vilnius.lm.lt\/wp-content\/uploads\/2022\/11\/34-150x150.jpg\" width=\"150\" height=\"150\" title=\"34\" class=\"attachment-thumbnail\" alt=\"34\" \/><\/a>\t<\/dt>\n\t<\/dl>\n<dl class=\"gallery-item\">\n\t<dt class=\"gallery-icon\"><a href=\"http:\/\/www.basanaviciaus.vilnius.lm.lt\/?attachment_id=25987\" title=\"38\">\t\t\t<img loading=\"lazy\" decoding=\"async\" src=\"http:\/\/www.basanaviciaus.vilnius.lm.lt\/wp-content\/uploads\/2022\/11\/38-150x150.jpg\" width=\"150\" height=\"150\" title=\"38\" class=\"attachment-thumbnail\" alt=\"38\" \/><\/a>\t<\/dt>\n\t<\/dl>\n<dl class=\"gallery-item\">\n\t<dt class=\"gallery-icon\"><a href=\"http:\/\/www.basanaviciaus.vilnius.lm.lt\/?attachment_id=25980\" title=\"33\">\t\t\t<img loading=\"lazy\" decoding=\"async\" src=\"http:\/\/www.basanaviciaus.vilnius.lm.lt\/wp-content\/uploads\/2022\/11\/33-150x150.jpg\" width=\"150\" height=\"150\" title=\"33\" class=\"attachment-thumbnail\" alt=\"33\" \/><\/a>\t<\/dt>\n\t<\/dl>\n<dl class=\"gallery-item gallery-endcol\">\n\t<dt class=\"gallery-icon\"><a href=\"http:\/\/www.basanaviciaus.vilnius.lm.lt\/?attachment_id=25984\" title=\"37\">\t\t\t<img loading=\"lazy\" decoding=\"async\" src=\"http:\/\/www.basanaviciaus.vilnius.lm.lt\/wp-content\/uploads\/2022\/11\/37-150x150.jpg\" width=\"150\" height=\"150\" title=\"37\" class=\"attachment-thumbnail\" alt=\"37\" \/><\/a>\t<\/dt>\n\t<\/dl>\n\n<br class='clear' \/>\n\n\n<\/div>\n","protected":false},"excerpt":{"rendered":"<p>\u0160vent\u0117s i\u0161vakar\u0117se IIA ir IID klasi\u0173 gimnazistai klaus\u0117si karininko Dainiaus Jud\u017een\u010dio paskaitos apie karin\u0119 situacij\u0105, tarnybos patirt\u012f.<\/p>\n","protected":false},"author":1,"featured_media":25981,"comment_status":"closed","ping_status":"closed","sticky":false,"template":"","format":"standard","meta":{"footnotes":""},"categories":[41],"tags":[],"class_list":["post-25976","post","type-post","status-publish","format-standard","has-post-thumbnail","hentry","category-klases-valandele-2"],"_links":{"self":[{"href":"http:\/\/www.basanaviciaus.vilnius.lm.lt\/index.php?rest_route=\/wp\/v2\/posts\/25976","targetHints":{"allow":["GET"]}}],"collection":[{"href":"http:\/\/www.basanaviciaus.vilnius.lm.lt\/index.php?rest_route=\/wp\/v2\/posts"}],"about":[{"href":"http:\/\/www.basanaviciaus.vilnius.lm.lt\/index.php?rest_route=\/wp\/v2\/types\/post"}],"author":[{"embeddable":true,"href":"http:\/\/www.basanaviciaus.vilnius.lm.lt\/index.php?rest_route=\/wp\/v2\/users\/1"}],"replies":[{"embeddable":true,"href":"http:\/\/www.basanaviciaus.vilnius.lm.lt\/index.php?rest_route=%2Fwp%2Fv2%2Fcomments&post=25976"}],"version-history":[{"count":4,"href":"http:\/\/www.basanaviciaus.vilnius.lm.lt\/index.php?rest_route=\/wp\/v2\/posts\/25976\/revisions"}],"predecessor-version":[{"id":25989,"href":"http:\/\/www.basanaviciaus.vilnius.lm.lt\/index.php?rest_route=\/wp\/v2\/posts\/25976\/revisions\/25989"}],"wp:featuredmedia":[{"embeddable":true,"href":"http:\/\/www.basanaviciaus.vilnius.lm.lt\/index.php?rest_route=\/wp\/v2\/media\/25981"}],"wp:attachment":[{"href":"http:\/\/www.basanaviciaus.vilnius.lm.lt\/index.php?rest_route=%2Fwp%2Fv2%2Fmedia&parent=25976"}],"wp:term":[{"taxonomy":"category","embeddable":true,"href":"http:\/\/www.basanaviciaus.vilnius.lm.lt\/index.php?rest_route=%2Fwp%2Fv2%2Fcategories&post=25976"},{"taxonomy":"post_tag","embeddable":true,"href":"http:\/\/www.basanaviciaus.vilnius.lm.lt\/index.php?rest_route=%2Fwp%2Fv2%2Ftags&post=25976"}],"curies":[{"name":"wp","href":"https:\/\/api.w.org\/{rel}","templated":true}]}}