{"id":26168,"date":"2022-11-29T08:37:59","date_gmt":"2022-11-29T06:37:59","guid":{"rendered":"http:\/\/www.basanaviciaus.vilnius.lm.lt\/?p=26168"},"modified":"2022-12-23T09:47:41","modified_gmt":"2022-12-23T07:47:41","slug":"karjeros-dienu-renginiai-teisingi-sprendimai-sekminga-ateitis","status":"publish","type":"post","link":"http:\/\/www.basanaviciaus.vilnius.lm.lt\/?p=26168","title":{"rendered":"Karjeros dien\u0173 renginiai \u201eTeisingi sprendimai &#8211; s\u0117kminga ateitis\u201c"},"content":{"rendered":"<div dir=\"auto\">\n<div dir=\"auto\">Gruod\u017eio 13 d. po pamok\u0173 I G klas\u0117s mokiniai su aukl\u0117toja Remigija tur\u0117jo karjeros ugdymo i\u0161vyk\u0105 \u012f Vilniaus m. VPK 2-\u0105j\u012f Policijos komisariat\u0105. Susitikim\u0105 organizuoti pad\u0117jo mokinio Luka\u0161o mama \u2013 d\u0117kojame jai. Mus pasitiko komisariato bendruomen\u0117s pareig\u016bn\u0117 Diana Ponidzelskien\u0117 ir policijos r\u0117m\u0117ja Karina. Pirmiausiai Karina papasakojo, kaip ji, dabar dvide\u0161imtmet\u0117, prad\u0117jo dirbti policijos r\u0117m\u0117ja ir kas gali tapti r\u0117m\u0117ju. Jaunieji policijos r\u0117m\u0117jai yra 12-18 met\u0173 jaunuoliai ir jaunuol\u0117s, jie budi \u0161vent\u0117se, renginiuose, vykdo prevencines priemones, akcijas, dalyvauja diskusijose, projektuose. Policijos r\u0117m\u0117jo veikla yra savanori\u0161ka, bet turi did\u017eiul\u0119 reik\u0161m\u0119 planuojantiems eiti pareig\u016bno keliu, tai puiki galimyb\u0117 pasimatuoti profesij\u0105. R\u0117m\u0117jai kas m\u0117nes\u012f turi 3 valand\u0173 mokymus, kuriuose supa\u017eindinami su pagalbos teikimu, mokomi, kaip sulaikyti asmen\u012f, apsiginti, kaip elgtis su specialiosiomis priemon\u0117mis, stiprinami bendravimo \u012fg\u016bd\u017eiai. Komisariato pareig\u016bn\u0117 Diana prad\u017eioje supa\u017eindino su policijos ir miesto komisariato strukt\u016bra. Mokiniai su\u017einojo, kaip tapti policijos pareig\u016bnu, kur galima rinktis studijas, kiek met\u0173 jos t\u0119siasi, koki\u0173 savybi\u0173 \u2013 fizini\u0173 ir charakterio \u2013 reikia pareig\u016bnui. Kiek u\u017edirba prad\u0117j\u0119s karjer\u0105 policijos pareig\u016bnas? Ar policijos \u0161unys-pareig\u016bnai laiko pasiruo\u0161imo test\u0105? Kaip tiriami pir\u0161t\u0173 p\u0117dsakai? Kokius fizinio pasirengimo testus laiko vaikinai ir kokius merginos? \u012e visus klausimus I G mokiniai atsakymus jau su\u017einojo. O kai kurias policijos priemones gimnazistai ir patys i\u0161band\u0117. Susitikimas buvo ir naudingas \u2013 gavome daug \u017eini\u0173 apie profesij\u0105 ir studijas, ir \u012fdomus.<\/div>\n<\/div>\n<div dir=\"auto\">\n<div id=\"gallery-1\" class=\"gallery galleryid-1 default columns_5 gallery-columns-5  gallery-size-thumbnail \">\n<dl class=\"gallery-item gallery-startcol\">\n\t<dt class=\"gallery-icon\"><a href=\"http:\/\/www.basanaviciaus.vilnius.lm.lt\/?attachment_id=26282\" title=\"37\">\t\t\t<img loading=\"lazy\" decoding=\"async\" src=\"http:\/\/www.basanaviciaus.vilnius.lm.lt\/wp-content\/uploads\/2022\/11\/37-2-150x150.jpg\" width=\"150\" height=\"150\" title=\"37\" class=\"attachment-thumbnail\" alt=\"37\" \/><\/a>\t<\/dt>\n\t<\/dl>\n<dl class=\"gallery-item\">\n\t<dt class=\"gallery-icon\"><a href=\"http:\/\/www.basanaviciaus.vilnius.lm.lt\/?attachment_id=26283\" title=\"36\">\t\t\t<img loading=\"lazy\" decoding=\"async\" src=\"http:\/\/www.basanaviciaus.vilnius.lm.lt\/wp-content\/uploads\/2022\/11\/36-2-150x150.jpg\" width=\"150\" height=\"150\" title=\"36\" class=\"attachment-thumbnail\" alt=\"36\" \/><\/a>\t<\/dt>\n\t<\/dl>\n<dl class=\"gallery-item\">\n\t<dt class=\"gallery-icon\"><a href=\"http:\/\/www.basanaviciaus.vilnius.lm.lt\/?attachment_id=26284\" title=\"35\">\t\t\t<img loading=\"lazy\" decoding=\"async\" src=\"http:\/\/www.basanaviciaus.vilnius.lm.lt\/wp-content\/uploads\/2022\/11\/35-1-150x150.jpg\" width=\"150\" height=\"150\" title=\"35\" class=\"attachment-thumbnail\" alt=\"35\" \/><\/a>\t<\/dt>\n\t<\/dl>\n<dl class=\"gallery-item\">\n\t<dt class=\"gallery-icon\"><a href=\"http:\/\/www.basanaviciaus.vilnius.lm.lt\/?attachment_id=26285\" title=\"34\">\t\t\t<img loading=\"lazy\" decoding=\"async\" src=\"http:\/\/www.basanaviciaus.vilnius.lm.lt\/wp-content\/uploads\/2022\/11\/34-2-150x150.jpg\" width=\"150\" height=\"150\" title=\"34\" class=\"attachment-thumbnail\" alt=\"34\" \/><\/a>\t<\/dt>\n\t<\/dl>\n<dl class=\"gallery-item gallery-endcol\">\n\t<dt class=\"gallery-icon\"><a href=\"http:\/\/www.basanaviciaus.vilnius.lm.lt\/?attachment_id=26286\" title=\"33\">\t\t\t<img loading=\"lazy\" decoding=\"async\" src=\"http:\/\/www.basanaviciaus.vilnius.lm.lt\/wp-content\/uploads\/2022\/11\/33-2-150x150.jpg\" width=\"150\" height=\"150\" title=\"33\" class=\"attachment-thumbnail\" alt=\"33\" \/><\/a>\t<\/dt>\n\t<\/dl>\n\n<br class='clear' \/>\n<dl class=\"gallery-item gallery-startcol\">\n\t<dt class=\"gallery-icon\"><a href=\"http:\/\/www.basanaviciaus.vilnius.lm.lt\/?attachment_id=26287\" title=\"32\">\t\t\t<img loading=\"lazy\" decoding=\"async\" src=\"http:\/\/www.basanaviciaus.vilnius.lm.lt\/wp-content\/uploads\/2022\/11\/32-2-150x150.jpg\" width=\"150\" height=\"150\" title=\"32\" class=\"attachment-thumbnail\" alt=\"32\" \/><\/a>\t<\/dt>\n\t<\/dl>\n<dl class=\"gallery-item\">\n\t<dt class=\"gallery-icon\"><a href=\"http:\/\/www.basanaviciaus.vilnius.lm.lt\/?attachment_id=26288\" title=\"31\">\t\t\t<img loading=\"lazy\" decoding=\"async\" src=\"http:\/\/www.basanaviciaus.vilnius.lm.lt\/wp-content\/uploads\/2022\/11\/31-2-150x150.jpg\" width=\"150\" height=\"150\" title=\"31\" class=\"attachment-thumbnail\" alt=\"31\" \/><\/a>\t<\/dt>\n\t<\/dl>\n<dl class=\"gallery-item\">\n\t<dt class=\"gallery-icon\"><a href=\"http:\/\/www.basanaviciaus.vilnius.lm.lt\/?attachment_id=26289\" title=\"30\">\t\t\t<img loading=\"lazy\" decoding=\"async\" src=\"http:\/\/www.basanaviciaus.vilnius.lm.lt\/wp-content\/uploads\/2022\/11\/30-2-150x150.jpg\" width=\"150\" height=\"150\" title=\"30\" class=\"attachment-thumbnail\" alt=\"30\" \/><\/a>\t<\/dt>\n\t<\/dl>\n\n\n<\/div>\n<\/div>\n<div dir=\"auto\">\n<div dir=\"auto\"><\/div>\n<div dir=\"auto\">Gruod\u017eio 13 dien\u0105 III B klas\u0117s valand\u0117l\u0117je apie savo profesij\u0105 pasakojo Veronikos t\u0117tis. Andrius Rimkevi\u010dius, Lietuvos kariuomen\u0117s Gynybos \u0161tabo kari\u0161kis, majoras pristat\u0117 gimnazistams Lietuvos kariuomen\u0117s strukt\u016br\u0105, misij\u0105, vertybes. Pasakojo apie kari\u0161kiams tenkan\u010dius i\u0161\u0161\u016bkius, apie atsakomyb\u0119 ir pareig\u0105. Atsak\u0117 \u012f mokiniams r\u016bpimus klausimus.<\/div>\n<\/div>\n<div dir=\"auto\">\n<div id=\"gallery-2\" class=\"gallery galleryid-2 default columns_3 gallery-columns-3  gallery-size-thumbnail \">\n<dl class=\"gallery-item gallery-startcol\">\n\t<dt class=\"gallery-icon\"><a href=\"http:\/\/www.basanaviciaus.vilnius.lm.lt\/?attachment_id=26254\" title=\"20\">\t\t\t<img loading=\"lazy\" decoding=\"async\" src=\"http:\/\/www.basanaviciaus.vilnius.lm.lt\/wp-content\/uploads\/2022\/11\/20-1-150x150.jpg\" width=\"150\" height=\"150\" title=\"20\" class=\"attachment-thumbnail\" alt=\"20\" \/><\/a>\t<\/dt>\n\t<\/dl>\n<dl class=\"gallery-item\">\n\t<dt class=\"gallery-icon\"><a href=\"http:\/\/www.basanaviciaus.vilnius.lm.lt\/?attachment_id=26255\" title=\"19\">\t\t\t<img loading=\"lazy\" decoding=\"async\" src=\"http:\/\/www.basanaviciaus.vilnius.lm.lt\/wp-content\/uploads\/2022\/11\/19-1-150x150.jpg\" width=\"150\" height=\"150\" title=\"19\" class=\"attachment-thumbnail\" alt=\"19\" \/><\/a>\t<\/dt>\n\t<\/dl>\n<dl class=\"gallery-item gallery-endcol\">\n\t<dt class=\"gallery-icon\"><a href=\"http:\/\/www.basanaviciaus.vilnius.lm.lt\/?attachment_id=26256\" title=\"18\">\t\t\t<img loading=\"lazy\" decoding=\"async\" src=\"http:\/\/www.basanaviciaus.vilnius.lm.lt\/wp-content\/uploads\/2022\/11\/18-1-150x150.jpg\" width=\"150\" height=\"150\" title=\"18\" class=\"attachment-thumbnail\" alt=\"18\" \/><\/a>\t<\/dt>\n\t<\/dl>\n\n<br class='clear' \/>\n\n\n<\/div>\n<\/div>\n<div dir=\"auto\"><\/div>\n<div dir=\"auto\">Lapkri\u010dio 29 dien\u0105 I E klas\u0117s mokin\u0117s mama, Marija Dama\u0161evi\u010di\u016bt\u0117, atvyko \u012f sve\u010dius ir pristat\u0117 nekilnojamo turto broker\u0117s profesij\u0105.<\/div>\n<div dir=\"auto\">Papasakojo apie darbo subtilybes, kasdienyb\u0119, pagrindines u\u017eduotis bei atsak\u0117 \u012f visus mokini\u0173 klausimus.<\/div>\n<div dir=\"auto\">D\u017eiaugiam\u0117s, kai t\u0117veliai dalinasi patirtimi su mokiniais.<\/div>\n<div dir=\"auto\">\n<div id=\"gallery-3\" class=\"gallery galleryid-3 default columns_1 gallery-columns-1  gallery-size-full \">\n<dl class=\"gallery-item gallery-startcol\">\n\t<dt class=\"gallery-icon\"><a href=\"http:\/\/www.basanaviciaus.vilnius.lm.lt\/?attachment_id=26173\" title=\"22\">\t\t\t<img loading=\"lazy\" decoding=\"async\" src=\"http:\/\/www.basanaviciaus.vilnius.lm.lt\/wp-content\/uploads\/2022\/11\/22-2.jpg\" width=\"1886\" height=\"876\" title=\"22\" class=\"attachment-full\" alt=\"22\" \/><\/a>\t<\/dt>\n\t<\/dl>\n\n<br class='clear' \/>\n\n\n<\/div>\n<div dir=\"auto\">Lapkri\u010dio 22 d. I B klas\u0117je lank\u0117si finans\u0173 konsultantas Gintaras Poci\u016bnas. I\u0161samiai pristat\u0117 finans\u0173 konsultanto darbo ypatumus. Gimnazistus su\u017eav\u0117jo nuo\u0161irdus pasakojimas apie asmeninius i\u0161bandymus, savojo kelio paie\u0161kas, nuosekl\u0173 tikslo siekim\u0105, nuolatin\u012f tobul\u0117jim\u0105 ir mokymasi.<\/div>\n<\/div>\n<div dir=\"auto\"><\/div>\n<div dir=\"auto\">\n<div id=\"gallery-4\" class=\"gallery galleryid-4 default columns_5 gallery-columns-5  gallery-size-thumbnail \">\n<dl class=\"gallery-item gallery-startcol\">\n\t<dt class=\"gallery-icon\"><a href=\"http:\/\/www.basanaviciaus.vilnius.lm.lt\/?attachment_id=26188\" title=\"37\">\t\t\t<img loading=\"lazy\" decoding=\"async\" src=\"http:\/\/www.basanaviciaus.vilnius.lm.lt\/wp-content\/uploads\/2022\/11\/37-1-150x150.jpg\" width=\"150\" height=\"150\" title=\"37\" class=\"attachment-thumbnail\" alt=\"37\" \/><\/a>\t<\/dt>\n\t<\/dl>\n<dl class=\"gallery-item\">\n\t<dt class=\"gallery-icon\"><a href=\"http:\/\/www.basanaviciaus.vilnius.lm.lt\/?attachment_id=26189\" title=\"36\">\t\t\t<img loading=\"lazy\" decoding=\"async\" src=\"http:\/\/www.basanaviciaus.vilnius.lm.lt\/wp-content\/uploads\/2022\/11\/36-1-150x150.jpg\" width=\"150\" height=\"150\" title=\"36\" class=\"attachment-thumbnail\" alt=\"36\" \/><\/a>\t<\/dt>\n\t<\/dl>\n<dl class=\"gallery-item\">\n\t<dt class=\"gallery-icon\"><a href=\"http:\/\/www.basanaviciaus.vilnius.lm.lt\/?attachment_id=26190\" title=\"35\">\t\t\t<img loading=\"lazy\" decoding=\"async\" src=\"http:\/\/www.basanaviciaus.vilnius.lm.lt\/wp-content\/uploads\/2022\/11\/35-150x150.jpg\" width=\"150\" height=\"150\" title=\"35\" class=\"attachment-thumbnail\" alt=\"35\" \/><\/a>\t<\/dt>\n\t<\/dl>\n<dl class=\"gallery-item\">\n\t<dt class=\"gallery-icon\"><a href=\"http:\/\/www.basanaviciaus.vilnius.lm.lt\/?attachment_id=26191\" title=\"34\">\t\t\t<img loading=\"lazy\" decoding=\"async\" src=\"http:\/\/www.basanaviciaus.vilnius.lm.lt\/wp-content\/uploads\/2022\/11\/34-1-150x150.jpg\" width=\"150\" height=\"150\" title=\"34\" class=\"attachment-thumbnail\" alt=\"34\" \/><\/a>\t<\/dt>\n\t<\/dl>\n<dl class=\"gallery-item gallery-endcol\">\n\t<dt class=\"gallery-icon\"><a href=\"http:\/\/www.basanaviciaus.vilnius.lm.lt\/?attachment_id=26192\" title=\"33\">\t\t\t<img loading=\"lazy\" decoding=\"async\" src=\"http:\/\/www.basanaviciaus.vilnius.lm.lt\/wp-content\/uploads\/2022\/11\/33-1-150x150.jpg\" width=\"150\" height=\"150\" title=\"33\" class=\"attachment-thumbnail\" alt=\"33\" \/><\/a>\t<\/dt>\n\t<\/dl>\n\n<br class='clear' \/>\n\n\n<\/div>\n<\/div>\n<div dir=\"auto\"><\/div>\n<div dir=\"auto\">\n<div dir=\"auto\">Lapkri\u010dio 15 d. pas mus, I G klas\u0117s gimnazistus, apsilank\u0117 Urt\u0117s ir Vilt\u0117s t\u0117velis \u0160ar\u016bnas, o kartu su juo ir Hantas. Abu sve\u010diai buvo labai laukiami. Ponas \u0160ar\u016bnas mums pasakojo apie savo darb\u0105 ir gyvenimo patirtis. Daugelis j\u0173 susijusios su med\u017eiokle. Sve\u010dias kalb\u0117jo apie tai, koki\u0173 savybi\u0173 reikia med\u017eiotojui \u2013 negana tik kantryb\u0117s, kur kas svarbiau yra s\u0105moningumas, suvokimas, d\u0117l ko med\u017eiojama, atsakomyb\u0117 u\u017e gamtos ateit\u012f. Susim\u0105styti paskatino mintis, jog mes vykstame \u012f gamt\u0105 pails\u0117ti, \u012fjungiame dideliu garsu muzik\u0105 \u2013 vadinasi, ilsim\u0117s. O gamta juk nesiilsi. Kod\u0117l \u0161iandien laukiniai \u017ev\u0117rys vis labiau priart\u0117ja prie \u017emoni\u0173 nam\u0173, net miest\u0173? Bebras \u2013 \u017ev\u0117ris ar \u017euvis? Kaip ruo\u0161iasi med\u017eioklei \u017emogus ir \u0161uo? Koks \u017ev\u0117ris pavojingiausias? Kod\u0117l l\u016b\u0161is \u2013 gurman\u0117? \u012e daugyb\u0119 klausim\u0173 i\u0161girdome atsakymus. Sve\u010dias atsine\u0161\u0117 ir med\u017eioklei reikaling\u0173 daikt\u0173, kuriuos gal\u0117jome ap\u017ei\u016br\u0117ti, paliko \u0161\u016bsn\u012f \u017eurnal\u0173 \u201eMed\u017eiotojas ir me\u0161keriotojas\u201c, pavai\u0161ino gard\u017eia namine de\u0161ra. Gavome ir dovan\u0173: teisingai atsakiusios \u012f klausim\u0105 lauk\u0117 prizas \u2013 med\u017eiotojo kepurait\u0117, o visi gavome po at\u0161vait\u0105 ir rakt\u0173 pakabut\u012f.<\/div>\n<div dir=\"auto\">Labai \u0161aunu, kad \u012f klas\u0117s gyvenim\u0105 \u012fsitraukia ir t\u0117veliai, o mes turime galimyb\u0119 daugiau su\u017einoti, i\u0161girsti, pamatyti.<\/div>\n<div dir=\"auto\">\n<div id=\"gallery-5\" class=\"gallery galleryid-5 default columns_7 gallery-columns-7  gallery-size-thumbnail \">\n<dl class=\"gallery-item gallery-startcol\">\n\t<dt class=\"gallery-icon\"><a href=\"http:\/\/www.basanaviciaus.vilnius.lm.lt\/?attachment_id=26180\" title=\"27\">\t\t\t<img loading=\"lazy\" decoding=\"async\" src=\"http:\/\/www.basanaviciaus.vilnius.lm.lt\/wp-content\/uploads\/2022\/11\/27-1-150x150.jpg\" width=\"150\" height=\"150\" title=\"27\" class=\"attachment-thumbnail\" alt=\"27\" \/><\/a>\t<\/dt>\n\t<\/dl>\n<dl class=\"gallery-item\">\n\t<dt class=\"gallery-icon\"><a href=\"http:\/\/www.basanaviciaus.vilnius.lm.lt\/?attachment_id=26182\" title=\"25\">\t\t\t<img loading=\"lazy\" decoding=\"async\" src=\"http:\/\/www.basanaviciaus.vilnius.lm.lt\/wp-content\/uploads\/2022\/11\/25-1-150x150.jpg\" width=\"150\" height=\"150\" title=\"25\" class=\"attachment-thumbnail\" alt=\"25\" \/><\/a>\t<\/dt>\n\t<\/dl>\n<dl class=\"gallery-item\">\n\t<dt class=\"gallery-icon\"><a href=\"http:\/\/www.basanaviciaus.vilnius.lm.lt\/?attachment_id=26181\" title=\"26\">\t\t\t<img loading=\"lazy\" decoding=\"async\" src=\"http:\/\/www.basanaviciaus.vilnius.lm.lt\/wp-content\/uploads\/2022\/11\/26-1-150x150.jpg\" width=\"150\" height=\"150\" title=\"26\" class=\"attachment-thumbnail\" alt=\"26\" \/><\/a>\t<\/dt>\n\t<\/dl>\n<dl class=\"gallery-item\">\n\t<dt class=\"gallery-icon\"><a href=\"http:\/\/www.basanaviciaus.vilnius.lm.lt\/?attachment_id=26176\" title=\"31\">\t\t\t<img loading=\"lazy\" decoding=\"async\" src=\"http:\/\/www.basanaviciaus.vilnius.lm.lt\/wp-content\/uploads\/2022\/11\/31-1-150x150.jpg\" width=\"150\" height=\"150\" title=\"31\" class=\"attachment-thumbnail\" alt=\"31\" \/><\/a>\t<\/dt>\n\t<\/dl>\n<dl class=\"gallery-item\">\n\t<dt class=\"gallery-icon\"><a href=\"http:\/\/www.basanaviciaus.vilnius.lm.lt\/?attachment_id=26179\" title=\"28\">\t\t\t<img loading=\"lazy\" decoding=\"async\" src=\"http:\/\/www.basanaviciaus.vilnius.lm.lt\/wp-content\/uploads\/2022\/11\/28-1-150x150.jpg\" width=\"150\" height=\"150\" title=\"28\" class=\"attachment-thumbnail\" alt=\"28\" \/><\/a>\t<\/dt>\n\t<\/dl>\n<dl class=\"gallery-item\">\n\t<dt class=\"gallery-icon\"><a href=\"http:\/\/www.basanaviciaus.vilnius.lm.lt\/?attachment_id=26177\" title=\"30\">\t\t\t<img loading=\"lazy\" decoding=\"async\" src=\"http:\/\/www.basanaviciaus.vilnius.lm.lt\/wp-content\/uploads\/2022\/11\/30-1-150x150.jpg\" width=\"150\" height=\"150\" title=\"30\" class=\"attachment-thumbnail\" alt=\"30\" \/><\/a>\t<\/dt>\n\t<\/dl>\n<dl class=\"gallery-item gallery-endcol\">\n\t<dt class=\"gallery-icon\"><a href=\"http:\/\/www.basanaviciaus.vilnius.lm.lt\/?attachment_id=26178\" title=\"29\">\t\t\t<img loading=\"lazy\" decoding=\"async\" src=\"http:\/\/www.basanaviciaus.vilnius.lm.lt\/wp-content\/uploads\/2022\/11\/29-1-150x150.jpg\" width=\"150\" height=\"150\" title=\"29\" class=\"attachment-thumbnail\" alt=\"29\" \/><\/a>\t<\/dt>\n\t<\/dl>\n\n<br class='clear' \/>\n\n\n<\/div>\n<\/div>\n<\/div>\n","protected":false},"excerpt":{"rendered":"<p>Gruod\u017eio 13 d. po pamok\u0173 I G klas\u0117s mokiniai su aukl\u0117toja Remigija tur\u0117jo karjeros ugdymo i\u0161vyk\u0105 \u012f Vilniaus m. VPK 2-\u0105j\u012f Policijos komisariat\u0105. Susitikim\u0105 organizuoti pad\u0117jo mokinio Luka\u0161o mama \u2013 d\u0117kojame jai. Mus pasitiko komisariato bendruomen\u0117s pareig\u016bn\u0117 Diana Ponidzelskien\u0117 ir policijos r\u0117m\u0117ja Karina. Pirmiausiai Karina papasakojo, kaip ji, dabar dvide\u0161imtmet\u0117, prad\u0117jo dirbti policijos r\u0117m\u0117ja ir [&hellip;]<\/p>\n","protected":false},"author":1,"featured_media":26187,"comment_status":"closed","ping_status":"closed","sticky":false,"template":"","format":"standard","meta":{"footnotes":""},"categories":[24],"tags":[],"class_list":["post-26168","post","type-post","status-publish","format-standard","has-post-thumbnail","hentry","category-ugdymas-karjerai"],"_links":{"self":[{"href":"http:\/\/www.basanaviciaus.vilnius.lm.lt\/index.php?rest_route=\/wp\/v2\/posts\/26168","targetHints":{"allow":["GET"]}}],"collection":[{"href":"http:\/\/www.basanaviciaus.vilnius.lm.lt\/index.php?rest_route=\/wp\/v2\/posts"}],"about":[{"href":"http:\/\/www.basanaviciaus.vilnius.lm.lt\/index.php?rest_route=\/wp\/v2\/types\/post"}],"author":[{"embeddable":true,"href":"http:\/\/www.basanaviciaus.vilnius.lm.lt\/index.php?rest_route=\/wp\/v2\/users\/1"}],"replies":[{"embeddable":true,"href":"http:\/\/www.basanaviciaus.vilnius.lm.lt\/index.php?rest_route=%2Fwp%2Fv2%2Fcomments&post=26168"}],"version-history":[{"count":9,"href":"http:\/\/www.basanaviciaus.vilnius.lm.lt\/index.php?rest_route=\/wp\/v2\/posts\/26168\/revisions"}],"predecessor-version":[{"id":26441,"href":"http:\/\/www.basanaviciaus.vilnius.lm.lt\/index.php?rest_route=\/wp\/v2\/posts\/26168\/revisions\/26441"}],"wp:featuredmedia":[{"embeddable":true,"href":"http:\/\/www.basanaviciaus.vilnius.lm.lt\/index.php?rest_route=\/wp\/v2\/media\/26187"}],"wp:attachment":[{"href":"http:\/\/www.basanaviciaus.vilnius.lm.lt\/index.php?rest_route=%2Fwp%2Fv2%2Fmedia&parent=26168"}],"wp:term":[{"taxonomy":"category","embeddable":true,"href":"http:\/\/www.basanaviciaus.vilnius.lm.lt\/index.php?rest_route=%2Fwp%2Fv2%2Fcategories&post=26168"},{"taxonomy":"post_tag","embeddable":true,"href":"http:\/\/www.basanaviciaus.vilnius.lm.lt\/index.php?rest_route=%2Fwp%2Fv2%2Ftags&post=26168"}],"curies":[{"name":"wp","href":"https:\/\/api.w.org\/{rel}","templated":true}]}}